{"id":4882,"date":"2024-12-24T06:33:03","date_gmt":"2024-12-24T06:33:03","guid":{"rendered":"https:\/\/dig-boy.com\/?p=4882"},"modified":"2024-12-24T06:33:06","modified_gmt":"2024-12-24T06:33:06","slug":"best-mini-excavator-for-your-money-in-2025-top-brands","status":"publish","type":"post","link":"https:\/\/dig-boy.com\/hu\/best-mini-excavator-for-your-money-in-2025-top-brands\/","title":{"rendered":"P\u00e9nz\u00e9rt a legjobb minikotr\u00f3g\u00e9p megtal\u00e1l\u00e1sa 2025-ben: legjobb m\u00e1rk\u00e1k \u00e9s modellek"},"content":{"rendered":"<p>A megfelel\u0151 minikotr\u00f3 kiv\u00e1laszt\u00e1sa neh\u00e9z lehet, de nagyon fontos d\u00f6nt\u00e9s! Ez az \u00fatmutat\u00f3 seg\u00edt meg\u00e9rteni a k\u00fcl\u00f6nb\u00f6z\u0151 m\u00e1rk\u00e1kat, \u00e9s azt, hogy mindegyik mit\u0151l k\u00fcl\u00f6nleges, \u00edgy kiv\u00e1laszthatja a t\u00f6k\u00e9letes minikotr\u00f3t az ig\u00e9nyeinek 2025-ben. Megn\u00e9zz\u00fck a szakma legn\u00e9pszer\u0171bb neveit, \u00e9s megbesz\u00e9lj\u00fck, mire \u00e9rdemes gondolni a v\u00e1s\u00e1rl\u00e1s el\u0151tt. vagy b\u00e9relni. Gondoljon erre \u00fagy, mintha a legjobb szersz\u00e1mot v\u00e1lasztan\u00e1 egy igaz\u00e1n nagy homokoz\u00f3hoz \u2013 szeretn\u00e9nk megbizonyosodni arr\u00f3l, hogy a megfelel\u0151 szersz\u00e1mot kapja!<\/p>\n\n\n\n<figure class=\"wp-block-image size-full\"><img decoding=\"async\" src=\"https:\/\/cdn.dig-boy.com\/2024\/11\/china-mini-excavator-manufacturer-Factory-4.webp\" alt=\"k\u00ednai-mini-kotr\u00f3g\u00e9p-gy\u00e1rt\u00f3-gy\u00e1r-4\" class=\"wp-image-4310\"\/><figcaption class=\"wp-element-caption\">k\u00ednai-mini-kotr\u00f3g\u00e9p-gy\u00e1rt\u00f3-gy\u00e1r-4<\/figcaption><\/figure>\n\n\n\n<h2 class=\"wp-block-heading\">Mit\u0151l t\u0171nik ki egy minikotr\u00f3nak 2025-ben? A legn\u00e9pszer\u0171bb minikotr\u00f3m\u00e1rk\u00e1k felfedez\u00e9se<\/h2>\n\n\n\n<p>A vil\u00e1g&nbsp;<strong>mini kotr\u00f3g\u00e9pek<\/strong>&nbsp;tele van&nbsp;<strong>k\u00fcl\u00f6nb\u00f6z\u0151 m\u00e1rk\u00e1k<\/strong>, mindegyik saj\u00e1t er\u0151ss\u00e9geit k\u00edn\u00e1lja. Amikor keresi a&nbsp;<strong>legjobb mini kotr\u00f3g\u00e9p<\/strong>, ez olyan, mintha megtal\u00e1ln\u00e1 a t\u00f6k\u00e9letes puzzle darabot a projektj\u00e9hez. N\u00e9zz\u00fcnk meg n\u00e9h\u00e1nyat a legjobb versenyz\u0151k k\u00f6z\u00fcl&nbsp;<strong>mini kotr\u00f3g\u00e9p piac<\/strong>&nbsp;\u00e9s n\u00e9zd meg, mi teszi \u0151ket k\u00fcl\u00f6nlegess\u00e9.<\/p>\n\n\n\n<h3 class=\"wp-block-heading\">Mi\u00e9rt tartj\u00e1k gyakran a Kubota minikotr\u00f3t a legjobb minikotr\u00f3m\u00e1rk\u00e1nak?<\/h3>\n\n\n\n<p><strong>Kubota<\/strong>&nbsp;egy n\u00e9v, amely gyakran felmer\u00fcl, amikor a&nbsp;<strong>legjobb mini kotr\u00f3m\u00e1rk\u00e1k<\/strong>. K\u00f6ztudott, hogy igaz\u00e1n megb\u00edzhat\u00f3 \u00e9s hossz\u00fa \u00e9lettartam\u00fa g\u00e9peket gy\u00e1rtanak. Gondolj r\u00e1juk, mint a megb\u00edzhat\u00f3 bar\u00e1tra, aki mindig \u00e1tj\u00f6n. A&nbsp;<strong>Kubota mini kotr\u00f3g\u00e9p<\/strong>&nbsp;fel\u00e1ll\u00e1sban sok van&nbsp;<strong>k\u00fcl\u00f6nb\u00f6z\u0151 modellek<\/strong>, vagyis val\u00f3sz\u00edn\u0171leg a&nbsp;<strong>Kubota<\/strong>&nbsp;amely \u00e9ppen arra passzol, amire sz\u00fcks\u00e9ge van, ak\u00e1r a h\u00e1ts\u00f3 udvarban val\u00f3 \u00e1s\u00e1shoz, ak\u00e1r nagyobb \u00e1s\u00e1shoz&nbsp;<strong>munkater\u00fclet<\/strong>.<\/p>\n\n\n\n<p>Sokan a&nbsp;<strong>berendez\u00e9sipar<\/strong>&nbsp;bizalom&nbsp;<strong>Kubota<\/strong>&nbsp;mert az \u00f6v\u00e9k&nbsp;<strong>mini hidraulikus kotr\u00f3g\u00e9p<\/strong>&nbsp;kem\u00e9nyre \u00e9p\u00fcl. Modellek&nbsp;<strong>mint Kubota<\/strong>&#039;s&nbsp;<strong>KX sorozat<\/strong>&nbsp;\u00e9s&nbsp;<strong>U sorozat<\/strong>&nbsp;n\u00e9pszer\u0171ek, mert sok er\u0151t adnak a&nbsp;<strong>kompakt m\u00e9ret<\/strong>. A&nbsp;<strong>Kubota KX161-3<\/strong>p\u00e9ld\u00e1ul az er\u0151ss\u00e9g\u00e9r\u0151l ismert&nbsp;<strong>hidraulika<\/strong>&nbsp;\u00e9s z\u00f6kken\u0151mentes m\u0171k\u00f6d\u00e9s. Ha keres egy&nbsp;<strong>megb\u00edzhat\u00f3 mini kotr\u00f3g\u00e9p<\/strong>,&nbsp;<strong>mint Kubota<\/strong>, remek hely a kezd\u00e9shez.<\/p>\n\n\n\n<h3 class=\"wp-block-heading\">Hogyan t\u0171nik ki a Bobcat a minikotr\u00f3k vil\u00e1g\u00e1b\u00f3l?<\/h3>\n\n\n\n<p><strong>Hi\u00faz<\/strong>&nbsp;egy m\u00e1sik nagy n\u00e9v a vil\u00e1gon&nbsp;<strong>kompakt berendez\u00e9s<\/strong>. H\u00edresek a magukr\u00f3l&nbsp;<strong>sokoldal\u00fas\u00e1g<\/strong>. Gondolj egy sv\u00e1jci k\u00e9sre, de \u00e1s\u00e1shoz!&nbsp;<strong>Hi\u00faz<\/strong>&nbsp;<strong>mini kotr\u00f3g\u00e9pek vannak felszerelve<\/strong>&nbsp;sokf\u00e9le munk\u00e1nak k\u00f6sz\u00f6nhet\u0151en sokf\u00e9le munk\u00e1t v\u00e9gezhet&nbsp;<strong>mell\u00e9kleteket<\/strong>. Az \u00e1rkok \u00e1s\u00e1s\u00e1t\u00f3l a betonbont\u00e1sig a&nbsp;<strong>Hi\u00faz<\/strong>&nbsp;sokat tehet.<\/p>\n\n\n\n<p>A&nbsp;<strong>Bobcat E35<\/strong>&nbsp;egy n\u00e9pszer\u0171&nbsp;<strong>kotr\u00f3g\u00e9p modell<\/strong>&nbsp;amit sokan szeretnek, mert k\u00f6nnyen haszn\u00e1lhat\u00f3 \u00e9s m\u00e9ret\u00e9hez k\u00e9pest er\u0151s. Ha sz\u00fcks\u00e9ge van a&nbsp;<strong>sokoldal\u00fa g\u00e9p<\/strong>&nbsp;amely t\u00f6bbre k\u00e9pes, mint csak \u00e1sni, a&nbsp;<strong>Hi\u00faz<\/strong>&nbsp;\u00e9rdemes megfontolni. M\u00e1r r\u00e9g\u00f3ta l\u00e9teznek, \u00e9s arr\u00f3l ismertek, hogy er\u0151sek&nbsp;<strong>\u00e9p\u00edt\u0151ipari berendez\u00e9sek<\/strong>.<\/p>\n\n\n\n<h3 class=\"wp-block-heading\">Mi teszi a John Deere minikotr\u00f3kat er\u0151s v\u00e1laszt\u00e1ss\u00e1?<\/h3>\n\n\n\n<p><strong>John Deere<\/strong>&nbsp;egy olyan m\u00e1rka, amelyet sokan felismernek, \u00e9s az \u0151&nbsp;<strong>szarvas<\/strong>&nbsp;<strong>mini kotr\u00f3g\u00e9pek<\/strong>&nbsp;ugyanazt a h\u00edrnevet a min\u0151s\u00e9g \u00e9s a sz\u00edv\u00f3ss\u00e1g ter\u00e9n.&nbsp;<strong>John Deere<\/strong>&nbsp;<strong>a kotr\u00f3g\u00e9pek jellemz\u0151kkel rendelkeznek<\/strong>&nbsp;amelyek k\u00e9nyelmesek a kezel\u0151 sz\u00e1m\u00e1ra, ami fontos, ha sok id\u0151t t\u00f6lt a g\u00e9pben&nbsp;<strong>taxi<\/strong>. Arra is \u00f6sszpontos\u00edtanak, hogy g\u00e9peiket k\u00f6nnyen szervizelhet\u0151v\u00e9 \u00e9s karbantarthat\u00f3v\u00e1 tegy\u00e9k.<\/p>\n\n\n\n<p><strong>Deere kotr\u00f3g\u00e9pek<\/strong>, mint a&nbsp;<strong>35G<\/strong>, arr\u00f3l ismertek, hogy megb\u00edzhat\u00f3ak a&nbsp;<strong>munkater\u00fclet<\/strong>. J\u00f3 egyens\u00falyt k\u00edn\u00e1lnak az er\u0151 \u00e9s a sima&nbsp;<strong>hidraulika<\/strong>, ami szil\u00e1rd v\u00e1laszt\u00e1ss\u00e1 teszi \u0151ket k\u00fcl\u00f6nf\u00e9le feladatokhoz. Ha fontosnak tart egy k\u00e9nyelmes \u00e9s megb\u00edzhat\u00f3 g\u00e9pet egy j\u00f3l ismert&nbsp;<strong>kotr\u00f3g\u00e9p m\u00e1rka<\/strong>,&nbsp;<strong>John Deere<\/strong>&nbsp;szerepelnie kell a list\u00e1n.<\/p>\n\n\n\n<figure class=\"wp-block-image size-full\"><img decoding=\"async\" src=\"https:\/\/cdn.dig-boy.com\/2024\/11\/Mini-Excavator-Factory-Manufacturer-Details-8.webp\" alt=\"Mini-kotr\u00f3g\u00e9p-gy\u00e1r-gy\u00e1rt\u00f3-r\u00e9szletek-8\" class=\"wp-image-4300\"\/><figcaption class=\"wp-element-caption\">Mini-kotr\u00f3g\u00e9p-gy\u00e1r-gy\u00e1rt\u00f3-r\u00e9szletek-8<\/figcaption><\/figure>\n\n\n\n<h3 class=\"wp-block-heading\">Mi\u00e9rt \u00e9rdemes Yanmar minikotr\u00f3t v\u00e1lasztani?<\/h3>\n\n\n\n<p><strong>Yanmar<\/strong>&nbsp;tal\u00e1n nem olyan sz\u00e9les k\u00f6rben ismert, mint&nbsp;<strong>Kubota<\/strong>&nbsp;vagy&nbsp;<strong>Hi\u00faz<\/strong>, de kiv\u00e1l\u00f3ak&nbsp;<strong>mini kotr\u00f3g\u00e9pek<\/strong>&nbsp;is.&nbsp;<strong>Yanmar<\/strong>&nbsp;ismert innovat\u00edv technol\u00f3gi\u00e1j\u00e1r\u00f3l \u00e9s&nbsp;<strong>\u00fczemanyag-hat\u00e9konys\u00e1g<\/strong>. Ez azt jelenti, hogy g\u00e9peik hossz\u00fa t\u00e1von p\u00e9nzt takar\u00edthatnak meg az \u00fczemanyagon. Sok&nbsp;<strong>Yanmar<\/strong>&nbsp;modellek azok&nbsp;<strong>Yanmar motorok hajtj\u00e1k<\/strong>, amelyek megb\u00edzhat\u00f3s\u00e1gukr\u00f3l ismertek.<\/p>\n\n\n\n<p><strong>Yanmar<\/strong>&nbsp;<strong>mini kotr\u00f3g\u00e9pek<\/strong>&nbsp;gyakran jellemz\u0151&nbsp;<strong>nulla faroklend\u00fcl\u00e9s<\/strong>, ami nagyon hasznos, ha dolgozni kell&nbsp;<strong>sz\u0171k terek<\/strong>. K\u00e9pzeld el, hogy megpr\u00f3b\u00e1lsz lyukat \u00e1sni a fal mellett \u2013 a&nbsp;<strong>nulla faroklend\u00fcl\u00e9s<\/strong>&nbsp;A g\u00e9p ezt megteheti an\u00e9lk\u00fcl, hogy a falnak \u00fctk\u00f6zne, amikor forog. Ha sz\u00fcks\u00e9ge van a&nbsp;<strong>kompakt kotr\u00f3g\u00e9p<\/strong>&nbsp;j\u00f3 az \u00fczemanyag-fogyaszt\u00e1s, \u00e9s sz\u0171k helyeken is m\u0171k\u00f6dik,&nbsp;<strong>Yanmar<\/strong>&nbsp;n\u00e9znival\u00f3 m\u00e1rka.<\/p>\n\n\n\n<h3 class=\"wp-block-heading\">Milyen egy\u00e9b minikotr\u00f3m\u00e1rk\u00e1kat \u00e9rdemes felfedezni 2025-ben?<\/h3>\n\n\n\n<p>M\u00edg a&nbsp;<strong>Kubota<\/strong>,&nbsp;<strong>Hi\u00faz<\/strong>,&nbsp;<strong>John Deere<\/strong>, \u00e9s&nbsp;<strong>Yanmar<\/strong>&nbsp;a legnagyobb nevek k\u00f6z\u00e9 tartoznak, \u00e9s vannak m\u00e1s nevek is&nbsp;<strong>kotr\u00f3g\u00e9p m\u00e1rk\u00e1k<\/strong>&nbsp;nagyszer\u0171v\u00e9 t\u00e9ve&nbsp;<strong>mini kotr\u00f3g\u00e9pek<\/strong>.&nbsp;<strong>Herny\u00f3<\/strong>, gyakran h\u00edvj\u00e1k&nbsp;<strong>Macska<\/strong>, egy m\u00e1sik jelent\u0151s szerepl\u0151, amely nagy teherb\u00edr\u00e1s\u00e1r\u00f3l ismert&nbsp;<strong>\u00e9p\u00edt\u0151ipari g\u00e9pek<\/strong>. Az \u00f6v\u00e9k&nbsp;<strong>mini kotr\u00f3g\u00e9pek<\/strong>&nbsp;tart\u00f3sra \u00e9s neh\u00e9z munk\u00e1kra k\u00e9sz\u00fcltek.<\/p>\n\n\n\n<p><strong>Takeuchi<\/strong>&nbsp;egy m\u00e1sik m\u00e1rka, amelyre specializ\u00e1l\u00f3dott&nbsp;<strong>kompakt kotr\u00f3g\u00e9pek<\/strong>. Olyan modellek, mint a&nbsp;<strong>Takeuchi TB135<\/strong>&nbsp;teljes\u00edtm\u00e9ny\u00fck \u00e9s tart\u00f3ss\u00e1guk miatt nagyra \u00e9rt\u00e9kelik.&nbsp;<strong>Hitachi<\/strong>&nbsp;is er\u0151s versenyz\u0151, felaj\u00e1nl\u00e1s&nbsp;<strong>mini kotr\u00f3g\u00e9pek<\/strong>&nbsp;fejlett technol\u00f3gi\u00e1val \u00e9s j\u00f3&nbsp;<strong>kezel\u0151 k\u00e9nyelme<\/strong>. Ezek felt\u00e1r\u00e1sa&nbsp;<strong>k\u00fcl\u00f6nb\u00f6z\u0151 m\u00e1rk\u00e1k<\/strong>&nbsp;seg\u00edthet megtal\u00e1lni a&nbsp;<strong>legjobb v\u00e1laszt\u00e1sok<\/strong>&nbsp;egyedi ig\u00e9nyeinek megfelel\u0151en.<\/p>\n\n\n\n<h2 class=\"wp-block-heading\">Milyen szempontokat kell figyelembe venni a minikotr\u00f3 m\u00e1rka kiv\u00e1laszt\u00e1sakor?<\/h2>\n\n\n\n<p>Kiv\u00e1lasztva a&nbsp;<strong>jobb oldali minikotr\u00f3<\/strong>&nbsp;nem csak a m\u00e1rkan\u00e9v kiv\u00e1laszt\u00e1s\u00e1r\u00f3l sz\u00f3l; arr\u00f3l van sz\u00f3, hogy \u00e1tgondolja, mire van sz\u00fcks\u00e9ge a g\u00e9pnek. \u00cdme n\u00e9h\u00e1ny&nbsp;<strong>figyelembe veend\u0151 t\u00e9nyez\u0151k<\/strong>&nbsp;hogy seg\u00edtsen megalapozott d\u00f6nt\u00e9st hozni.<\/p>\n\n\n\n<h3 class=\"wp-block-heading\">Milyen t\u00edpus\u00fa projektekhez fogja haszn\u00e1lni a minikotr\u00f3t?<\/h3>\n\n\n\n<p>Gondoljon arra, hogy milyen munk\u00e1t fog leggyakrabban v\u00e9gezni. \u00c9p\u00fcletek alapjait \u00e1sod, dolgozol&nbsp;<strong>t\u00e1j<\/strong>&nbsp;projekteket, vagy kisebb munk\u00e1kat v\u00e9gez az udvar\u00e1n? A m\u00e9rete \u00e9s teljes\u00edtm\u00e9nye a&nbsp;<strong>mini kotr\u00f3g\u00e9p<\/strong>&nbsp;ett\u0151l f\u00fcgg, amire sz\u00fcks\u00e9ge van. P\u00e9ld\u00e1ul, ha gyakran dolgozik&nbsp;<strong>sz\u0171k terek<\/strong>, a&nbsp;<strong>mini kotr\u00f3g\u00e9p<\/strong>&nbsp;-vel&nbsp;<strong>kisebb m\u00e9retek nulla faroklend\u00edt\u00e9ssel<\/strong>&nbsp;fontos lesz. Ha neh\u00e9z t\u00e1rgyakat kell emelnie, figyelembe kell vennie a&nbsp;<strong>\u00fczemi s\u00faly<\/strong>&nbsp;\u00e9s emel\u0151k\u00e9pess\u00e9g.<\/p>\n\n\n\n<figure class=\"wp-block-image size-full\"><img decoding=\"async\" src=\"https:\/\/cdn.dig-boy.com\/2024\/11\/china-mini-excavator-manufacturer-Factory-56.webp\" alt=\"K\u00edna-mini-kotr\u00f3g\u00e9p-gy\u00e1rt\u00f3-Gy\u00e1r-56\" class=\"wp-image-4197\"\/><figcaption class=\"wp-element-caption\">K\u00edna-mini-kotr\u00f3g\u00e9p-gy\u00e1rt\u00f3-Gy\u00e1r-56<\/figcaption><\/figure>\n\n\n\n<h3 class=\"wp-block-heading\">Mennyire fontos a minikotr\u00f3 \u00fczemi s\u00falya \u00e9s m\u00e9rete?<\/h3>\n\n\n\n<p>A&nbsp;<strong>\u00fczemi s\u00faly<\/strong>&nbsp;a&nbsp;<strong>mini kotr\u00f3g\u00e9p<\/strong>&nbsp;nagy dolog. Ez befoly\u00e1solja, hogy mennyire k\u00f6nnyen sz\u00e1ll\u00edthat\u00f3 a g\u00e9p, \u00e9s mennyire stabil munka k\u00f6zben. Kisebb&nbsp;<strong>kompakt kotr\u00f3g\u00e9pek<\/strong>&nbsp;k\u00f6nnyebben mozgathat\u00f3k, \u00e9s kiv\u00e1l\u00f3ak a h\u00e1zt\u00e1ji projektekhez. Nagyobb&nbsp;<strong>mini kotr\u00f3g\u00e9pek<\/strong>&nbsp;nagyobb \u00e1s\u00e1si teljes\u00edtm\u00e9nyt \u00e9s stabilit\u00e1st k\u00edn\u00e1l nagyobb munk\u00e1khoz. Vegye figyelembe azt a helyet is, ahol dolgozni fog. Sz\u0171k kapukon kell \u00e1thaladnia, vagy \u00e9p\u00fcletek k\u00f6zel\u00e9ben kell dolgoznia? Itt van a&nbsp;<strong>m\u00e9retek nulla faroklend\u00edt\u00e9ssel<\/strong>&nbsp;igaz\u00e1n fontoss\u00e1 v\u00e1lik.<\/p>\n\n\n\n<h3 class=\"wp-block-heading\">Milyen tartoz\u00e9kokra lesz sz\u00fcks\u00e9ge minikotr\u00f3j\u00e1hoz?<\/h3>\n\n\n\n<p>Az egyik nagyszer\u0171 dolog&nbsp;<strong>mini kotr\u00f3g\u00e9pek<\/strong>&nbsp;az \u00f6v\u00e9k&nbsp;<strong>sokoldal\u00fas\u00e1g<\/strong>, k\u00f6sz\u00f6net a sokaknak&nbsp;<strong>mell\u00e9kleteket<\/strong>&nbsp;el\u00e9rhet\u0151. Gondolja \u00e1t, milyen feladatokat kell elv\u00e9geznie. K\u00fcl\u00f6nf\u00e9le m\u00e9retekre lesz sz\u00fcks\u00e9ge&nbsp;<strong>v\u00f6dr\u00f6k<\/strong>&nbsp;\u00e1s\u00e1shoz? Esetleg betont\u00f6r\u0151 t\u00f6r\u0151, vagy r\u00f6nk mozgat\u00e1s\u00e1ra szolg\u00e1l\u00f3 markol\u00f3? Gy\u0151z\u0151dj\u00f6n meg arr\u00f3l, hogy a&nbsp;<strong>mini kotr\u00f3g\u00e9p m\u00e1rka<\/strong>&nbsp;v\u00e1lasztja az aj\u00e1nlatokat a&nbsp;<strong>mell\u00e9kleteket<\/strong>&nbsp;sz\u00fcks\u00e9ge van r\u00e1, vagy hogy m\u00e1s sz\u00e1ll\u00edt\u00f3kt\u00f3l k\u00f6nnyen beszerezhet\u0151k. A&nbsp;<strong>hidraulikus gyors<\/strong>&nbsp;csatol\u00f3 k\u00e9pes a v\u00e1lt\u00e1sra&nbsp;<strong>mell\u00e9kleteket<\/strong>&nbsp;sokkal gyorsabban \u00e9s k\u00f6nnyebben.<\/p>\n\n\n\n<h3 class=\"wp-block-heading\">Mennyit sz\u00e1m\u00edt az \u00fczemanyag-hat\u00e9konys\u00e1g, amikor minikotr\u00f3t v\u00e1lasztunk?<\/h3>\n\n\n\n<p><strong>\u00dczemanyag-hat\u00e9konys\u00e1g<\/strong>&nbsp;nagy k\u00fcl\u00f6nbs\u00e9get jelenthet abban, hogy mennyibe ker\u00fcl az \u00fczemeltet\u00e9se&nbsp;<strong>mini kotr\u00f3g\u00e9p<\/strong>, f\u0151leg ha gyakran haszn\u00e1lja. Egyes m\u00e1rk\u00e1k \u00e9s&nbsp;<strong>k\u00fcl\u00f6nb\u00f6z\u0151 modellek<\/strong>&nbsp;ismertek arr\u00f3l, hogy jobbak az \u00fczemanyag-fogyaszt\u00e1sban, mint m\u00e1sok. Fontolja meg a modelleket&nbsp;<strong>d\u00edzel<\/strong>&nbsp;a hat\u00e9konys\u00e1gra tervezett motorok. M\u00e9g a kis \u00fczemanyag-megtakar\u00edt\u00e1s is id\u0151vel \u00f6sszead\u00f3dik.<\/p>\n\n\n\n<h3 class=\"wp-block-heading\">Milyen szint\u0171 kezel\u0151i k\u00e9nyelem \u00e9s k\u00f6nny\u0171 haszn\u00e1lat sz\u00fcks\u00e9ges?<\/h3>\n\n\n\n<p>Ha \u00f3r\u00e1kat fog t\u00f6lteni a&nbsp;<strong>taxi<\/strong>&nbsp;a&nbsp;<strong>mini kotr\u00f3g\u00e9p<\/strong>,&nbsp;<strong>kezel\u0151 k\u00e9nyelme<\/strong>&nbsp;fontos. Keressen olyan funkci\u00f3kat, mint a k\u00e9nyelmes \u00fcl\u00e9sek, a k\u00f6nnyen haszn\u00e1lhat\u00f3 kezel\u0151szervek (<strong>botkorm\u00e1ny<\/strong>&nbsp;vagy hagyom\u00e1nyos kezel\u0151szervek) \u00e9s j\u00f3 l\u00e1that\u00f3s\u00e1g. N\u00e9h\u00e1ny&nbsp;<strong>kotr\u00f3g\u00e9pek \u00e1s\u00e1st k\u00edn\u00e1lnak<\/strong>&nbsp;k\u00f6r\u00fcli m\u00e9lys\u00e9g&nbsp;<strong>15 l\u00e1b<\/strong>, \u00e9s a tiszta l\u00e1that\u00f3s\u00e1g seg\u00edt a pontoss\u00e1gban. Az egyszer\u0171 \u00e9s intuit\u00edv kezel\u0151szervek szint\u00e9n fokozhatj\u00e1k&nbsp;<strong>termel\u00e9kenys\u00e9g<\/strong>, k\u00fcl\u00f6n\u00f6sen azoknak, akik most ismerkednek az ilyen t\u00edpus\u00fa kezel\u00e9ssel&nbsp;<strong>neh\u00e9z felszerel\u00e9s<\/strong>.<\/p>\n\n\n\n<h2 class=\"wp-block-heading\">Navig\u00e1l\u00e1s a minikotr\u00f3g\u00e9pek piac\u00e1n 2025-ben: A legjobb \u00e1r-\u00e9rt\u00e9k ar\u00e1ny megtal\u00e1l\u00e1sa<\/h2>\n\n\n\n<p>Megtal\u00e1lni a&nbsp;<strong>legjobb mini kotr\u00f3g\u00e9p ennyi p\u00e9nz\u00e9rt<\/strong>&nbsp;azt jelenti, hogy egyens\u00falyba kell hozni a k\u00f6lts\u00e9geket a min\u0151s\u00e9ggel \u00e9s a funkci\u00f3kkal. Arr\u00f3l van sz\u00f3, hogy a legt\u00f6bbet hozd ki a p\u00e9nzed\u00e9rt.<\/p>\n\n\n\n<figure class=\"wp-block-image size-full\"><img decoding=\"async\" src=\"https:\/\/cdn.dig-boy.com\/2024\/11\/china-mini-skid-steer-loader-and-mini-excavator-manufacturer-Factory-16.webp\" alt=\"k\u00ednai-mini-cs\u00fasz\u00f3-korm\u00e1nyzott-rakod\u00f3-\u00e9s-minikotr\u00f3-gy\u00e1rt\u00f3-Factory-16\" class=\"wp-image-4215\"\/><figcaption class=\"wp-element-caption\">k\u00ednai-mini-cs\u00fasz\u00f3-korm\u00e1nyzott-rakod\u00f3-\u00e9s-minikotr\u00f3-gy\u00e1rt\u00f3-Factory-16<\/figcaption><\/figure>\n\n\n\n<h3 class=\"wp-block-heading\">A berendez\u00e9s v\u00e1s\u00e1rl\u00e1sa vagy b\u00e9rl\u00e9se jobb v\u00e1laszt\u00e1s az \u00d6n sz\u00e1m\u00e1ra?<\/h3>\n\n\n\n<p>A v\u00e1s\u00e1rl\u00e1s vagy b\u00e9rl\u00e9s eld\u00f6nt\u00e9se a&nbsp;<strong>mini kotr\u00f3g\u00e9p<\/strong>&nbsp;att\u00f3l f\u00fcgg, milyen gyakran tervezi haszn\u00e1lni. Ha rendszeres projektjei vannak,&nbsp;<strong>egy mini kotr\u00f3g\u00e9p tulajdonosa<\/strong>&nbsp;hossz\u00fa t\u00e1von k\u00f6lts\u00e9ghat\u00e9konyabb lehet. Ha azonban csak a&nbsp;<strong>mini kotr\u00f3g\u00e9p<\/strong>&nbsp;alkalmi munk\u00e1kra,&nbsp;<strong>felszerel\u00e9s b\u00e9rl\u00e9se<\/strong>&nbsp;p\u00e9nzt takar\u00edthat meg a v\u00e9tel\u00e1ron, a karbantart\u00e1son \u00e9s a t\u00e1rol\u00e1son. Fontolja meg a k\u00f6lts\u00e9gvet\u00e9s\u00e9t \u00e9s azt, hogy milyen gyakran lesz sz\u00fcks\u00e9ge r\u00e1&nbsp;<strong>g\u00e9pek<\/strong>.<\/p>\n\n\n\n<h3 class=\"wp-block-heading\">Mi sz\u00e1m\u00edt jelenleg \u201elegjobb v\u00e9telnek\u201d a minikotr\u00f3 kateg\u00f3ri\u00e1ban?<\/h3>\n\n\n\n<p>A \u201e<strong>legjobb v\u00e9tel<\/strong>\u201d a&nbsp;<strong>mini kotr\u00f3g\u00e9p<\/strong>&nbsp;kateg\u00f3ria val\u00f3ban az \u00d6n egyedi ig\u00e9nyeit\u0151l \u00e9s k\u00f6lts\u00e9gvet\u00e9s\u00e9t\u0151l f\u00fcgg. Mindazon\u00e1ltal a megb\u00edzhat\u00f3s\u00e1g, a teljes\u00edtm\u00e9ny \u00e9s az \u00e9rt\u00e9k tekintet\u00e9ben folyamatosan magas pontsz\u00e1mot kap\u00f3 modellek gyakran olyan m\u00e1rk\u00e1kt\u00f3l sz\u00e1rmaznak, mint p\u00e9ld\u00e1ul&nbsp;<strong>Kubota<\/strong>&nbsp;\u00e9s&nbsp;<strong>Hi\u00faz<\/strong>. r\u00e1n\u00e9zve&nbsp;<strong>mini kotr\u00f3g\u00e9pek \u00f6sszehasonl\u00edt\u00e1sa<\/strong>&nbsp;cikkek \u00e9s \u00e1ttekint\u00e9sek seg\u00edthetnek abban, hogy megtudja, mely modellek sz\u00e1m\u00edtanak jelenleg a legjobb versenyz\u0151knek az \u00e1r szempontj\u00e1b\u00f3l.<\/p>\n\n\n\n<h3 class=\"wp-block-heading\">Hogyan tal\u00e1lhat megb\u00edzhat\u00f3 inform\u00e1ci\u00f3kat \u00e9s v\u00e9lem\u00e9nyeket a k\u00fcl\u00f6nb\u00f6z\u0151 minikotr\u00f3modellekr\u0151l?<\/h3>\n\n\n\n<p>A megb\u00edzhat\u00f3 inform\u00e1ci\u00f3k megtal\u00e1l\u00e1sa kulcsfontoss\u00e1g\u00fa a j\u00f3 d\u00f6nt\u00e9s meghozatal\u00e1hoz. Keressen olyan j\u00f3 h\u00edr\u0171 forr\u00e1sokb\u00f3l sz\u00e1rmaz\u00f3 v\u00e9lem\u00e9nyeket, mint pl&nbsp;<strong>\u00e9p\u00edt\u0151ipari berendez\u00e9sek<\/strong>&nbsp;magazinok, weboldalak \u00e9s f\u00f3rumok, ahol a tulajdonosok megosztj\u00e1k tapasztalataikat. Besz\u00e9lget\u00e9s azokkal az emberekkel, akik birtokolnak vagy \u00fczemeltetnek&nbsp;<strong>mini kotr\u00f3g\u00e9pek<\/strong>&nbsp;\u00e9rt\u00e9kes betekint\u00e9st is ny\u00fajthat. Ne csak egy forr\u00e1sra hagyatkozzon; t\u00f6bb helyr\u0151l gy\u0171jthet inform\u00e1ci\u00f3kat, hogy \u00e1tfog\u00f3 k\u00e9pet kapjon.<\/p>\n\n\n\n<h2 class=\"wp-block-heading\">K\u00f6vetkeztet\u00e9s: V\u00e1lassza ki az ig\u00e9nyeinek megfelel\u0151 minikotr\u00f3t 2025-ben<\/h2>\n\n\n\n<p>Kiv\u00e1lasztva a&nbsp;<strong>jobb oldali minikotr\u00f3<\/strong>&nbsp;Ez egy nagy d\u00f6nt\u00e9s, de a k\u00fcl\u00f6nb\u00f6z\u0151 m\u00e1rk\u00e1k meg\u00e9rt\u00e9s\u00e9vel, az ig\u00e9nyeinek m\u00e9rlegel\u00e9s\u00e9vel \u00e9s a kutat\u00e1sok elv\u00e9gz\u00e9s\u00e9vel megtal\u00e1lhatja a t\u00f6k\u00e9letes g\u00e9pet a projektjeihez. Ak\u00e1r a&nbsp;<strong>Kubota<\/strong>&nbsp;megb\u00edzhat\u00f3s\u00e1ga miatt a&nbsp;<strong>Hi\u00faz<\/strong>&nbsp;annak&nbsp;<strong>sokoldal\u00fas\u00e1g<\/strong>, vagy egy m\u00e1sik nagyszer\u0171 m\u00e1rka, gy\u0151z\u0151dj\u00f6n meg arr\u00f3l, hogy megfelel az \u00d6n egyedi ig\u00e9nyeinek \u00e9s k\u00f6lts\u00e9gvet\u00e9s\u00e9nek.<\/p>\n\n\n\n<p>A minikotr\u00f3 kiv\u00e1laszt\u00e1sakor ne felejtse el ezeket a legfontosabb szempontokat:<\/p>\n\n\n\n<ul class=\"wp-block-list\">\n<li><strong>Vegye figyelembe a projekt ig\u00e9nyeit:<\/strong>\u00a0Milyen munk\u00e1t fogsz v\u00e9gezni?<\/li>\n\n\n\n<li><strong>Gondolj a m\u00e9retre \u00e9s s\u00falyra:<\/strong>\u00a0Sz\u0171k helyen fog dolgozni?<\/li>\n\n\n\n<li><strong>Fedezze fel a csatol\u00e1si lehet\u0151s\u00e9geket:<\/strong>\u00a0Milyen eszk\u00f6z\u00f6ket kell majd haszn\u00e1lnia?<\/li>\n\n\n\n<li><strong>\u00dczemanyag-hat\u00e9konys\u00e1gi t\u00e9nyez\u0151:<\/strong>\u00a0Mennyire fontos az \u00fczemanyagk\u00f6lts\u00e9gek megtakar\u00edt\u00e1sa?<\/li>\n\n\n\n<li><strong>A kezel\u0151 k\u00e9nyelm\u00e9nek el\u0151nyben r\u00e9szes\u00edt\u00e9se:<\/strong>\u00a0A k\u00e9nyelmes kezel\u0151 produkt\u00edv kezel\u0151.<\/li>\n<\/ul>\n\n\n\n<p>Ha ezeket a t\u00e9nyez\u0151ket szem el\u0151tt tartja, j\u00f3 \u00faton halad majd a megtal\u00e1l\u00e1sa fel\u00e9\u00a0<strong>legjobb mini kotr\u00f3g\u00e9p ennyi p\u00e9nz\u00e9rt<\/strong>\u00a02025-ben!<\/p>\n\n\n\n<p><a href=\"https:\/\/dig-boy.com\/hu\/contact\/\" target=\"_blank\" rel=\"noreferrer noopener\">Bels\u0151 link a Kubota minikotr\u00f3kkal kapcsolatos oldalra<\/a>\u00a0\u2013 Tudjon meg t\u00f6bbet a megb\u00edzhat\u00f3 Kubota modellekr\u0151l.<br><a href=\"https:\/\/dig-boy.com\/hu\/contact\/\" target=\"_blank\" rel=\"noreferrer noopener\">Bels\u0151 hivatkoz\u00e1s a Bobcat mell\u00e9kleteket t\u00e1rgyal\u00f3 oldalra<\/a>\u00a0\u2013 Fedezze fel a Bobcat tartoz\u00e9kok sokoldal\u00fas\u00e1g\u00e1t.<br><a href=\"https:\/\/dig-boy.com\/hu\/contact\/\" target=\"_blank\" rel=\"noreferrer noopener\">Bels\u0151 link a minikotr\u00f3 b\u00e9rl\u00e9se \u00e9s a v\u00e1s\u00e1rl\u00e1s \u00fatmutat\u00f3j\u00e1hoz<\/a>\u00a0\u2013 D\u00f6ntse el, hogy a b\u00e9rl\u00e9s vagy a v\u00e1s\u00e1rl\u00e1s megfelel\u0151-e az \u00d6n sz\u00e1m\u00e1ra.<\/p>\n\n\n\n<p><a href=\"https:\/\/dig-boy.com\/hu\/contact\/\" target=\"_blank\" rel=\"noreferrer noopener\">Tudjon meg t\u00f6bbet az \u00e9p\u00edt\u0151ipari berendez\u00e9sek leg\u00fajabb trendjeir\u0151l.<\/a><\/p>\n\n\n\n<p><\/p>","protected":false},"excerpt":{"rendered":"<p>A megfelel\u0151 minikotr\u00f3 kiv\u00e1laszt\u00e1sa neh\u00e9z lehet, de nagyon fontos d\u00f6nt\u00e9s! Ez az \u00fatmutat\u00f3 seg\u00edt meg\u00e9rteni [\u2026]<\/p>","protected":false},"author":1,"featured_media":4347,"comment_status":"open","ping_status":"open","sticky":false,"template":"","format":"standard","meta":{"site-sidebar-layout":"default","site-content-layout":"","ast-site-content-layout":"","site-content-style":"default","site-sidebar-style":"default","ast-global-header-display":"","ast-banner-title-visibility":"","ast-main-header-display":"","ast-hfb-above-header-display":"","ast-hfb-below-header-display":"","ast-hfb-mobile-header-display":"","site-post-title":"","ast-breadcrumbs-content":"","ast-featured-img":"","footer-sml-layout":"","theme-transparent-header-meta":"","adv-header-id-meta":"","stick-header-meta":"","header-above-stick-meta":"","header-main-stick-meta":"","header-below-stick-meta":"","astra-migrate-meta-layouts":"default","ast-page-background-enabled":"default","ast-page-background-meta":{"desktop":{"background-color":"var(--ast-global-color-4)","background-image":"","background-repeat":"repeat","background-position":"center center","background-size":"auto","background-attachment":"scroll","background-type":"","background-media":"","overlay-type":"","overlay-color":"","overlay-opacity":"","overlay-gradient":""},"tablet":{"background-color":"","background-image":"","background-repeat":"repeat","background-position":"center center","background-size":"auto","background-attachment":"scroll","background-type":"","background-media":"","overlay-type":"","overlay-color":"","overlay-opacity":"","overlay-gradient":""},"mobile":{"background-color":"","background-image":"","background-repeat":"repeat","background-position":"center center","background-size":"auto","background-attachment":"scroll","background-type":"","background-media":"","overlay-type":"","overlay-color":"","overlay-opacity":"","overlay-gradient":""}},"ast-content-background-meta":{"desktop":{"background-color":"var(--ast-global-color-5)","background-image":"","background-repeat":"repeat","background-position":"center center","background-size":"auto","background-attachment":"scroll","background-type":"","background-media":"","overlay-type":"","overlay-color":"","overlay-opacity":"","overlay-gradient":""},"tablet":{"background-color":"var(--ast-global-color-5)","background-image":"","background-repeat":"repeat","background-position":"center center","background-size":"auto","background-attachment":"scroll","background-type":"","background-media":"","overlay-type":"","overlay-color":"","overlay-opacity":"","overlay-gradient":""},"mobile":{"background-color":"var(--ast-global-color-5)","background-image":"","background-repeat":"repeat","background-position":"center center","background-size":"auto","background-attachment":"scroll","background-type":"","background-media":"","overlay-type":"","overlay-color":"","overlay-opacity":"","overlay-gradient":""}},"footnotes":""},"categories":[1],"tags":[323,324,160],"class_list":["post-4882","post","type-post","status-publish","format-standard","has-post-thumbnail","hentry","category-blog","tag-2025-mini-excavator","tag-best-mini-excavator","tag-top-excavator-brands"],"_links":{"self":[{"href":"https:\/\/dig-boy.com\/hu\/wp-json\/wp\/v2\/posts\/4882","targetHints":{"allow":["GET"]}}],"collection":[{"href":"https:\/\/dig-boy.com\/hu\/wp-json\/wp\/v2\/posts"}],"about":[{"href":"https:\/\/dig-boy.com\/hu\/wp-json\/wp\/v2\/types\/post"}],"author":[{"embeddable":true,"href":"https:\/\/dig-boy.com\/hu\/wp-json\/wp\/v2\/users\/1"}],"replies":[{"embeddable":true,"href":"https:\/\/dig-boy.com\/hu\/wp-json\/wp\/v2\/comments?post=4882"}],"version-history":[{"count":0,"href":"https:\/\/dig-boy.com\/hu\/wp-json\/wp\/v2\/posts\/4882\/revisions"}],"wp:featuredmedia":[{"embeddable":true,"href":"https:\/\/dig-boy.com\/hu\/wp-json\/wp\/v2\/media\/4347"}],"wp:attachment":[{"href":"https:\/\/dig-boy.com\/hu\/wp-json\/wp\/v2\/media?parent=4882"}],"wp:term":[{"taxonomy":"category","embeddable":true,"href":"https:\/\/dig-boy.com\/hu\/wp-json\/wp\/v2\/categories?post=4882"},{"taxonomy":"post_tag","embeddable":true,"href":"https:\/\/dig-boy.com\/hu\/wp-json\/wp\/v2\/tags?post=4882"}],"curies":[{"name":"wp","href":"https:\/\/api.w.org\/{rel}","templated":true}]}}